{"id":405,"date":"2016-04-18T10:04:28","date_gmt":"2016-04-18T08:04:28","guid":{"rendered":"http:\/\/www.hv-gottwald.de\/HVG\/?p=405"},"modified":"2016-04-18T10:04:51","modified_gmt":"2016-04-18T08:04:51","slug":"405-2","status":"publish","type":"post","link":"https:\/\/www.hv-gottwald.de\/HVG\/405-2\/","title":{"rendered":"Auch ein Auto braucht eine Bleibe&#8230;"},"content":{"rendered":"<h4>Man sagt, es ist des Deutschen liebstes Kind: Das Auto. Und irgendwo muss es abgestellt werden, wenn es gerade nicht ben\u00f6tigt wird. Leider bergen auch Stellpl\u00e4tze, Parkgaragen und Duplexparksysteme immer wieder ein gewisses Konfliktpotential.<\/h4>\n<p><!--more--><\/p>\n<p>Gerade in der j\u00fcngeren Vergangenheit konnte man feststellen, dass viele Fahrzeuge h\u00f6her gebaut werden als fr\u00fcher. F\u00fcr den Nutzer eines Duplexparksystems (also eines sog. \u201eDoppelparkers\u201c, bei dem zwei Fahrzeuge \u00fcbereinander abgestellt werden) hat dies nat\u00fcrlich auch Folgen. W\u00e4hrend der Nutzer des unteren Platzes recht schnell und einfach pr\u00fcfen kann, ob sein Fahrzeug hinein passt, f\u00e4llt das dem Nutzer des oberen Platzes deutlich schwerer. Dennoch ist er selbst verpflichtet, darauf zu achten, dass sein Fahrzeug beim Herauffahren der Anlage nicht besch\u00e4digt wird. Den Betreiber trifft laut Amtsgericht Frankfurt\/Main keine Schuld, wenn nicht genug Luft nach oben vorhanden ist.<\/p>\n<p>Oftmals werden Garagen gar nicht bestimmungsgem\u00e4\u00df genutzt, sondern vielmehr als Lagerort f\u00fcr nicht mehr oder selten ben\u00f6tigte Gegenst\u00e4nde. \u00dcbertreibt es nun ein Nutzer mit dieser bestimmungsfremden Nutzung, kann ihn die \u00f6rtliche Bauaufsicht dazu zwingen, wieder Platz zu schaffen, wenn die Garage aufgrund von beh\u00f6rdlichen Bestimmungen\u00a0errichtet werden musste. So ein Urteil des Amtsgerichts Darmstadt.<\/p>\n<p>Aber auch bei nicht beh\u00f6rdlich vorgeschriebenen Stellpl\u00e4tzen gibt es Grenzen des Zumutbaren. In einem Fall wurden auf dem Tiefgaragenstellplatz Plastikmaterial und Kartons gelagert. Ein anderer Eigent\u00fcmer hielt das f\u00fcr unpassend und das Zusammenleben der Hausgemeinschaft st\u00f6rend. Das Amtsgericht M\u00fcnchen schloss sich dieser Auffassung an und urteilte, dass eine solche Nutzung nicht mehr im Rahmen des Vertrageszweckes sei.<\/p>\n<p><sup>Quellen: LBS Infodienst\u00a0Recht &amp; Steuern<\/sup><\/p>\n","protected":false},"excerpt":{"rendered":"<p>Man sagt, es ist des Deutschen liebstes Kind: Das Auto. Und irgendwo muss es abgestellt werden, wenn es gerade nicht ben\u00f6tigt wird. Leider bergen auch Stellpl\u00e4tze, Parkgaragen und Duplexparksysteme immer wieder ein gewisses Konfliktpotential.<\/p>\n","protected":false},"author":1,"featured_media":406,"comment_status":"closed","ping_status":"closed","sticky":false,"template":"","format":"standard","meta":{"footnotes":""},"categories":[1],"tags":[],"class_list":["post-405","post","type-post","status-publish","format-standard","has-post-thumbnail","hentry","category-allgemein"],"_links":{"self":[{"href":"https:\/\/www.hv-gottwald.de\/HVG\/wp-json\/wp\/v2\/posts\/405","targetHints":{"allow":["GET"]}}],"collection":[{"href":"https:\/\/www.hv-gottwald.de\/HVG\/wp-json\/wp\/v2\/posts"}],"about":[{"href":"https:\/\/www.hv-gottwald.de\/HVG\/wp-json\/wp\/v2\/types\/post"}],"author":[{"embeddable":true,"href":"https:\/\/www.hv-gottwald.de\/HVG\/wp-json\/wp\/v2\/users\/1"}],"replies":[{"embeddable":true,"href":"https:\/\/www.hv-gottwald.de\/HVG\/wp-json\/wp\/v2\/comments?post=405"}],"version-history":[{"count":2,"href":"https:\/\/www.hv-gottwald.de\/HVG\/wp-json\/wp\/v2\/posts\/405\/revisions"}],"predecessor-version":[{"id":408,"href":"https:\/\/www.hv-gottwald.de\/HVG\/wp-json\/wp\/v2\/posts\/405\/revisions\/408"}],"wp:featuredmedia":[{"embeddable":true,"href":"https:\/\/www.hv-gottwald.de\/HVG\/wp-json\/wp\/v2\/media\/406"}],"wp:attachment":[{"href":"https:\/\/www.hv-gottwald.de\/HVG\/wp-json\/wp\/v2\/media?parent=405"}],"wp:term":[{"taxonomy":"category","embeddable":true,"href":"https:\/\/www.hv-gottwald.de\/HVG\/wp-json\/wp\/v2\/categories?post=405"},{"taxonomy":"post_tag","embeddable":true,"href":"https:\/\/www.hv-gottwald.de\/HVG\/wp-json\/wp\/v2\/tags?post=405"}],"curies":[{"name":"wp","href":"https:\/\/api.w.org\/{rel}","templated":true}]}}